{"id":27597,"date":"2020-10-07T14:00:00","date_gmt":"2020-10-07T13:00:00","guid":{"rendered":"https:\/\/beebs.app\/?p=27597"},"modified":"2022-09-30T16:21:25","modified_gmt":"2022-09-30T15:21:25","slug":"quand-comment-et-pourquoi-emmailloter-bebe","status":"publish","type":"post","link":"https:\/\/www.beebs.app\/blog\/quand-comment-et-pourquoi-emmailloter-bebe\/","title":{"rendered":"L\u2019emmaillotage, mode d\u2019emploi : Quand, comment et pourquoi emmailloter b\u00e9b\u00e9 ?"},"content":{"rendered":"\t\t<div data-elementor-type=\"wp-post\" data-elementor-id=\"27597\" class=\"elementor elementor-27597\" data-elementor-post-type=\"post\">\n\t\t\t\t\t\t<section class=\"elementor-section elementor-top-section elementor-element elementor-element-18b4e7f4 elementor-section-boxed elementor-section-height-default elementor-section-height-default\" data-id=\"18b4e7f4\" data-element_type=\"section\">\n\t\t\t\t\t\t<div class=\"elementor-container elementor-column-gap-default\">\n\t\t\t\t\t<div class=\"elementor-column elementor-col-100 elementor-top-column elementor-element elementor-element-449de46b\" data-id=\"449de46b\" data-element_type=\"column\">\n\t\t\t<div class=\"elementor-widget-wrap elementor-element-populated\">\n\t\t\t\t\t\t<div class=\"elementor-element elementor-element-3e8326f elementor-widget elementor-widget-global elementor-global-33258 elementor-widget-text-editor\" data-id=\"3e8326f\" data-element_type=\"widget\" data-widget_type=\"text-editor.default\">\n\t\t\t\t<div class=\"elementor-widget-container\">\n\t\t\t\t\t\t\t\t\t<div class=\"meaculpa-section\">\n<div class=\"meaculpa-banner\">\n<p><img decoding=\"async\" src=\"https:\/\/www.beebs.app\/blog\/wp-content\/uploads\/2023\/01\/armoire-meaculpa-aqua.png\" alt=\"image placard pour ranger les conseils\" \/><\/p>\n<\/div>\n<div class=\"meaculpa-text\">\n<p><strong>A\u00efe a\u00efe a\u00efe mais qu\u2019est-ce qui nous a pris\u2026<\/strong> En faisant le bilan depuis nos d\u00e9buts, on a r\u00e9alis\u00e9 qu\u2019\u00e0 plein de moments, <strong>on bombardait les parents de conseils<\/strong> : faites ceci, ne faites SURTOUT PAS cela\u2026 <strong>OK, plein de monde le fait.<\/strong> Mais \u00e7a ne veut pas dire que c\u2019est une bonne id\u00e9e !<\/p>\n<p>Si vous en \u00eates d\u2019accord, appelons \u00e7a une erreur de jeunesse. Mieux vaut en rire qu\u2019en pleurer, non\u00a0?<\/p>\n<p><strong>On compte sur vous pour lire ce qui suit en prenant des pincettes.<\/strong> Vous \u00eates super.<\/p>\n<\/div>\n<\/div>\t\t\t\t\t\t\t\t<\/div>\n\t\t\t\t<\/div>\n\t\t\t\t<div class=\"elementor-element elementor-element-2b6bdfef elementor-widget elementor-widget-text-editor\" data-id=\"2b6bdfef\" data-element_type=\"widget\" data-widget_type=\"text-editor.default\">\n\t\t\t\t<div class=\"elementor-widget-container\">\n\t\t\t\t\t\t\t\t\t\n<p>Vous avez s\u00fbrement d\u00e9j\u00e0 entendu parler de l&#8217;emmaillotage, cette technique d\u2019enveloppement de votre b\u00e9b\u00e9 gr\u00e2ce \u00e0 des tissus. Mais qu\u2019est-ce que l\u2019emmaillotage, pourquoi utiliser cette technique et surtout comment faire ? Beebs vous \u00e9claire sur le sujet et vous donne les cl\u00e9s pour bien r\u00e9ussir l\u2019emmaillotage de votre b\u00e9b\u00e9.&nbsp;<\/p>\n\n\n\n<h2 class=\"wp-block-heading\">Pourquoi emmailloter b\u00e9b\u00e9 ?<\/h2>\n\n\n\n<p>L\u2019emmaillotage est une technique qui consiste \u00e0 <strong>envelopper votre b\u00e9b\u00e9<\/strong> dans un lange pour <strong>limiter ses mouvements<\/strong>. Emmailloter un b\u00e9b\u00e9 lui est b\u00e9n\u00e9fique. En effet, la position et les sensations ressenties sont similaires \u00e0 ce que b\u00e9b\u00e9 a connu <strong>dans le ventre de sa maman<\/strong>.&nbsp;<\/p>\n\n\n\n<p>L\u2019emmaillotage pr\u00e9sente <a href=\"https:\/\/beebs.app\/10-conseils-pour-bien-gerer-les-3-premiers-mois-de-bebe\/\"><strong>plusieurs avantages<\/strong><\/a>, comme celui de <strong>s\u00e9curiser votre b\u00e9b\u00e9<\/strong>. Il se sent bien, au chaud et dans un <strong>environnement s\u00fbr<\/strong>. Ces sensations ont pour effet de <strong>diminuer les pleurs<\/strong> de votre nouveau-n\u00e9.&nbsp;<\/p>\n\n\n\n<p>Cette technique d\u2019enveloppement pourrait aussi <strong>aider b\u00e9b\u00e9 \u00e0 s\u2019endormir plus facilement<\/strong> et allongerait son <a href=\"https:\/\/beebs.app\/comment-gerer-les-premieres-nuits-de-bebe\/\"><strong>sommeil<\/strong><\/a>. Le lange qui l\u2019enveloppe bloquerait alors ce que l\u2019on appelle le \u201c<strong>r\u00e9flexe de Moro<\/strong>\u201d. Il se manifeste par les l\u00e9gers sursauts et rebonds v\u00e9cus par le b\u00e9b\u00e9 lors de ses premiers mois, pendant son sommeil. G\u00e9n\u00e9ralement, ces sursauts provoquent un r\u00e9veil brutal pour b\u00e9b\u00e9, qui entra\u00eene des pleurs et des difficult\u00e9s \u00e0 se rendormir. L\u2019emmaillotage, en maintenant b\u00e9b\u00e9 et en limitant ses mouvements, permet de <strong>limiter ce r\u00e9flexe et d\u2019offrir \u00e0 votre b\u00e9b\u00e9 un sommeil plus agr\u00e9able<\/strong>.&nbsp;<\/p>\n\n\n\n<p>Enfin, beaucoup de parents utilisent la technique de l\u2019emmaillotage pour <strong><a href=\"https:\/\/beebs.app\/rgo-le-reconnaitre-et-le-traiter\/\">r\u00e9duire les coliques<\/a><\/strong>. Les crises diminuent gr\u00e2ce \u00e0 la pression l\u00e9g\u00e8re du lange sur le ventre de b\u00e9b\u00e9.&nbsp;<\/p>\n\n\n\n<h2 class=\"wp-block-heading\">Quand puis-je emmailloter mon b\u00e9b\u00e9 ?<\/h2>\n\n\n\n<p>Pour information, vous pouvez d\u00e9buter l\u2019emmaillotage de votre b\u00e9b\u00e9 <a href=\"https:\/\/beebs.app\/le-9eme-mois-de-grossesse-le-mois-de-la-naissance-de-bebe\/\"><strong>d\u00e8s sa naissance<\/strong><\/a>. Il n\u2019y a aucune contre-indication li\u00e9e l\u2019\u00e2ge de b\u00e9b\u00e9 pour commencer l\u2019emmaillotage. Veillez cependant \u00e0 <strong>cesser d\u2019emmailloter votre b\u00e9b\u00e9 apr\u00e8s ses 2 mois<\/strong>.&nbsp;<\/p>\n\n\n\n<p>Avant d\u2019emmailloter votre b\u00e9b\u00e9 aux moindres pleurs, il est important de <strong>v\u00e9rifier son besoin<\/strong>. A-t-il faim ? La couche est-elle propre ? Est-il malade ? Si les besoins de b\u00e9b\u00e9 sont au vert et qu&rsquo;il pleure, il faut <strong>l&rsquo;aider \u00e0 se calmer<\/strong>. Vous pouvez alors envisager l&#8217;emmaillotage pour r\u00e9conforter et rassurer votre petit bout.&nbsp;<\/p>\n\n\n\n<p>Si vous voyez que votre b\u00e9b\u00e9 se sent bien et confortable en position emmaillot\u00e9e, vous pouvez ais\u00e9ment l\u2019emmailloter <strong>\u00e0 plusieurs reprises<\/strong> dans la journ\u00e9e.&nbsp;<\/p>\n\n\n\n<h2 class=\"wp-block-heading\">Comment faire pour emmailloter b\u00e9b\u00e9 ?<\/h2>\n\n\n\n<p>Voici une m\u00e9thode d\u2019emmaillotage <strong>simple et efficace<\/strong>, expliqu\u00e9e pas \u00e0 pas, afin que vous puissiez r\u00e9aliser facilement votre premier enveloppement \u00e0 la maison :&nbsp;<\/p>\n\n\n\n<ol class=\"wp-block-list\"><li>Choisissez un <a href=\"https:\/\/www.beebs.app\/\"><strong>lange l\u00e9ger<\/strong><\/a> et <strong>adapt\u00e9 \u00e0 la taille de votre b\u00e9b\u00e9<\/strong>&nbsp;<\/li><li>\u00c9tendez votre lange en losange avec un des coins vers le haut.&nbsp;<\/li><li>Pliez le coin du haut en dessous de votre lange.&nbsp;<\/li><li>D\u00e9posez b\u00e9b\u00e9 au centre du lange. <strong>Ses \u00e9paules se situent au m\u00eame niveau que le c\u00f4t\u00e9 pli\u00e9<\/strong> de la couverture. La t\u00eate de b\u00e9b\u00e9 doit \u00eatre <strong>bien d\u00e9gag\u00e9e<\/strong> et doit sortir du lange.&nbsp;<\/li><li>D\u00e9pliez le bras droit de votre b\u00e9b\u00e9 afin de le placer soit le long de son corps, soit la main vers son visage. Prenez ensuite le coin droit et recouvrez le corps de b\u00e9b\u00e9 en coin\u00e7ant le coin droit sous le c\u00f4t\u00e9 gauche de b\u00e9b\u00e9.<\/li><li>Effectuez la m\u00eame \u00e9tape avec l\u2019autre c\u00f4t\u00e9.<\/li><li><strong>Assurez vous que le lange ne soit pas trop serr\u00e9<\/strong>. Les jambes et les hanches de b\u00e9b\u00e9 doivent bouger facilement dans le lange.&nbsp;<\/li><li>Pour terminer, entortillez le bas du lange pour en faire une pointe, et placez cette pointe sous les jambes de b\u00e9b\u00e9.<\/li><\/ol>\n\n\n\n<h2 class=\"wp-block-heading\">Quelles sont les pr\u00e9cautions \u00e0 prendre pour emmailloter mon b\u00e9b\u00e9 ?<\/h2>\n\n\n\n<p>M\u00eame si l\u2019emmaillotage est b\u00e9n\u00e9fique pour votre b\u00e9b\u00e9, il est tout de m\u00eame tr\u00e8s important de prendre certaines pr\u00e9cautions avant de l\u2019utiliser.&nbsp;<\/p>\n\n\n\n<p>Dans un premier temps, il est imp\u00e9ratif <strong>d\u2019\u00e9viter de trop serrer le lange<\/strong> lors de l\u2019emmaillotage. En effet, cela pourrait emp\u00eacher b\u00e9b\u00e9 de respirer \u00e0 cause de la forte pression sur sa poitrine. Pour v\u00e9rifier que le lange n\u2019est pas trop serr\u00e9, veillez \u00e0 ce que vous puissiez <strong>passer une main<\/strong> entre le lange et sa poitrine.&nbsp;<\/p>\n\n\n\n<p>De m\u00eame, envelopper b\u00e9b\u00e9 dans un lange trop serr\u00e9 peut nuire au d\u00e9veloppement de ses hanches et de ses jambes.<\/p>\n\n\n\n<p>Lors de l\u2019emmaillotage, il est important de veiller \u00e0 ce que <strong>la temp\u00e9rature corporelle de b\u00e9b\u00e9 n\u2019augmente pas<\/strong>. Effectivement, la hausse de la temp\u00e9rature corporelle est un des facteurs associ\u00e9s \u00e0 la mort subite du nourrisson.&nbsp;<\/p>\n\n\n\n<p>Pour la s\u00e9curit\u00e9 de votre b\u00e9b\u00e9, il est pr\u00e9f\u00e9rable d\u2019<strong>utiliser un tissu l\u00e9ger <\/strong>pour l\u2019emmailloter, ainsi que de r\u00e9aliser l\u2019emmaillotage lorsque b\u00e9b\u00e9 est en couche, ou avec un body tr\u00e8s l\u00e9ger \u00e9galement. Il ne faut <strong>pas trop le couvrir<\/strong> pour \u00e9viter la hausse de temp\u00e9rature corporelle.&nbsp;<\/p>\n\n\n\n<p>En ce sens, il ne faut <strong>jamais coucher votre b\u00e9b\u00e9 sur le ventre<\/strong> lorsqu\u2019il est emmaillot\u00e9.&nbsp;<\/p>\n\n\n\n<p>Enfin, les sp\u00e9cialistes d\u00e9conseillent l&#8217;emmaillotage<strong> apr\u00e8s les 2 mois de b\u00e9b\u00e9<\/strong>, car il bouge plus et risque davantage de se <a href=\"https:\/\/beebs.app\/tout-savoir-sur-le-retournement-de-bebe\/\"><strong>tourner seul<\/strong><\/a> sur le ventre.<\/p>\n\n\n\n<p>Vous pourrez retrouver des langes adapt\u00e9s \u00e0 l\u2019emmaillotage en vente sur <a href=\"https:\/\/www.beebs.app\/\"><strong>l\u2019application Beebs<\/strong><\/a>, \u00e0 moindre co\u00fbt et d\u00e9j\u00e0 valid\u00e9s par les parents. En effet, la seconde main est int\u00e9ressante dans le cas d\u2019articles de ce type.<\/p>\n\t\t\t\t\t\t\t\t<\/div>\n\t\t\t\t<\/div>\n\t\t\t\t\t<\/div>\n\t\t<\/div>\n\t\t\t\t\t<\/div>\n\t\t<\/section>\n\t\t\t\t<\/div>\n\t\t","protected":false},"excerpt":{"rendered":"<p>Aujourd&rsquo;hui, on est convaincus d&rsquo;un truc : les parents font bien ce qu&rsquo;ils veulent. Et surtout ce qu&rsquo;ils peuvent. Mais on n&rsquo;a pas toujours \u00e9t\u00e9 comme \u00e7a ! Parentalit\u00e9, sant\u00e9, environnement, \u00e9ducation&#8230; Comme d&rsquo;autres marques, on a donn\u00e9 des tas de conseils. Faites ci, faites \u00e7a&#8230; Aujourd&rsquo;hui, on est bien conscients qu&rsquo;\u00e0 ce moment de [&hellip;]<\/p>\n","protected":false},"author":30,"featured_media":27598,"comment_status":"open","ping_status":"open","sticky":false,"template":"","format":"standard","meta":{"footnotes":""},"categories":[20,22],"tags":[],"class_list":["post-27597","post","type-post","status-publish","format-standard","has-post-thumbnail","hentry","category-1er-mois","category-2eme-mois"],"yoast_head":"<!-- This site is optimized with the Yoast SEO plugin v23.9 - https:\/\/yoast.com\/wordpress\/plugins\/seo\/ -->\n<title>L\u2019emmaillotage, mode d\u2019emploi : Quand, comment et pourquoi emmailloter b\u00e9b\u00e9 ? | Beebs<\/title>\n<meta name=\"description\" content=\"Voici nos conseils pour savoir comment emmailloter b\u00e9b\u00e9. L&#039;emmaillotage peut \u00eatre pratiqu\u00e9 jusqu&#039;\u00e0 l&#039;\u00e2ge de 2 mois.\" \/>\n<meta name=\"robots\" content=\"index, follow, max-snippet:-1, max-image-preview:large, max-video-preview:-1\" \/>\n<link rel=\"canonical\" href=\"https:\/\/www.beebs.app\/blog\/quand-comment-et-pourquoi-emmailloter-bebe\/\" \/>\n<meta property=\"og:locale\" content=\"fr_FR\" \/>\n<meta property=\"og:type\" content=\"article\" \/>\n<meta property=\"og:title\" content=\"L\u2019emmaillotage, mode d\u2019emploi : Quand, comment et pourquoi emmailloter b\u00e9b\u00e9 ? | Beebs\" \/>\n<meta property=\"og:description\" content=\"Voici nos conseils pour savoir comment emmailloter b\u00e9b\u00e9. L&#039;emmaillotage peut \u00eatre pratiqu\u00e9 jusqu&#039;\u00e0 l&#039;\u00e2ge de 2 mois.\" \/>\n<meta property=\"og:url\" content=\"https:\/\/www.beebs.app\/blog\/quand-comment-et-pourquoi-emmailloter-bebe\/\" \/>\n<meta property=\"og:site_name\" content=\"Beebs\" \/>\n<meta property=\"article:published_time\" content=\"2020-10-07T13:00:00+00:00\" \/>\n<meta property=\"article:modified_time\" content=\"2022-09-30T15:21:25+00:00\" \/>\n<meta property=\"og:image\" content=\"https:\/\/www.beebs.app\/blog\/wp-content\/uploads\/2020\/10\/images-mise-en-avant4-1024x645.png\" \/>\n\t<meta property=\"og:image:width\" content=\"1024\" \/>\n\t<meta property=\"og:image:height\" content=\"645\" \/>\n\t<meta property=\"og:image:type\" content=\"image\/png\" \/>\n<meta name=\"author\" content=\"Laur\u00e8ne M\u00e9rite\" \/>\n<meta name=\"twitter:card\" content=\"summary_large_image\" \/>\n<meta name=\"twitter:label1\" content=\"\u00c9crit par\" \/>\n\t<meta name=\"twitter:data1\" content=\"Laur\u00e8ne M\u00e9rite\" \/>\n\t<meta name=\"twitter:label2\" content=\"Dur\u00e9e de lecture estim\u00e9e\" \/>\n\t<meta name=\"twitter:data2\" content=\"5 minutes\" \/>\n<script type=\"application\/ld+json\" class=\"yoast-schema-graph\">{\"@context\":\"https:\/\/schema.org\",\"@graph\":[{\"@type\":\"Article\",\"@id\":\"https:\/\/www.beebs.app\/blog\/quand-comment-et-pourquoi-emmailloter-bebe\/#article\",\"isPartOf\":{\"@id\":\"https:\/\/www.beebs.app\/blog\/quand-comment-et-pourquoi-emmailloter-bebe\/\"},\"author\":{\"name\":\"Laur\u00e8ne M\u00e9rite\",\"@id\":\"https:\/\/www.beebs.app\/blog\/#\/schema\/person\/cf1648b4c340d98a73acfa899a78a10c\"},\"headline\":\"L\u2019emmaillotage, mode d\u2019emploi : Quand, comment et pourquoi emmailloter b\u00e9b\u00e9 ?\",\"datePublished\":\"2020-10-07T13:00:00+00:00\",\"dateModified\":\"2022-09-30T15:21:25+00:00\",\"mainEntityOfPage\":{\"@id\":\"https:\/\/www.beebs.app\/blog\/quand-comment-et-pourquoi-emmailloter-bebe\/\"},\"wordCount\":1102,\"commentCount\":1,\"publisher\":{\"@id\":\"https:\/\/www.beebs.app\/blog\/#organization\"},\"image\":{\"@id\":\"https:\/\/www.beebs.app\/blog\/quand-comment-et-pourquoi-emmailloter-bebe\/#primaryimage\"},\"thumbnailUrl\":\"https:\/\/www.beebs.app\/blog\/wp-content\/uploads\/2020\/10\/images-mise-en-avant4.png?wsr\",\"articleSection\":[\"1er Mois\",\"2\u00e8me Mois\"],\"inLanguage\":\"fr-FR\",\"potentialAction\":[{\"@type\":\"CommentAction\",\"name\":\"Comment\",\"target\":[\"https:\/\/www.beebs.app\/blog\/quand-comment-et-pourquoi-emmailloter-bebe\/#respond\"]}]},{\"@type\":\"WebPage\",\"@id\":\"https:\/\/www.beebs.app\/blog\/quand-comment-et-pourquoi-emmailloter-bebe\/\",\"url\":\"https:\/\/www.beebs.app\/blog\/quand-comment-et-pourquoi-emmailloter-bebe\/\",\"name\":\"L\u2019emmaillotage, mode d\u2019emploi : Quand, comment et pourquoi emmailloter b\u00e9b\u00e9 ? | Beebs\",\"isPartOf\":{\"@id\":\"https:\/\/www.beebs.app\/blog\/#website\"},\"primaryImageOfPage\":{\"@id\":\"https:\/\/www.beebs.app\/blog\/quand-comment-et-pourquoi-emmailloter-bebe\/#primaryimage\"},\"image\":{\"@id\":\"https:\/\/www.beebs.app\/blog\/quand-comment-et-pourquoi-emmailloter-bebe\/#primaryimage\"},\"thumbnailUrl\":\"https:\/\/www.beebs.app\/blog\/wp-content\/uploads\/2020\/10\/images-mise-en-avant4.png?wsr\",\"datePublished\":\"2020-10-07T13:00:00+00:00\",\"dateModified\":\"2022-09-30T15:21:25+00:00\",\"description\":\"Voici nos conseils pour savoir comment emmailloter b\u00e9b\u00e9. L'emmaillotage peut \u00eatre pratiqu\u00e9 jusqu'\u00e0 l'\u00e2ge de 2 mois.\",\"breadcrumb\":{\"@id\":\"https:\/\/www.beebs.app\/blog\/quand-comment-et-pourquoi-emmailloter-bebe\/#breadcrumb\"},\"inLanguage\":\"fr-FR\",\"potentialAction\":[{\"@type\":\"ReadAction\",\"target\":[\"https:\/\/www.beebs.app\/blog\/quand-comment-et-pourquoi-emmailloter-bebe\/\"]}]},{\"@type\":\"ImageObject\",\"inLanguage\":\"fr-FR\",\"@id\":\"https:\/\/www.beebs.app\/blog\/quand-comment-et-pourquoi-emmailloter-bebe\/#primaryimage\",\"url\":\"https:\/\/www.beebs.app\/blog\/wp-content\/uploads\/2020\/10\/images-mise-en-avant4.png?wsr\",\"contentUrl\":\"https:\/\/www.beebs.app\/blog\/wp-content\/uploads\/2020\/10\/images-mise-en-avant4.png?wsr\",\"width\":2700,\"height\":1700,\"caption\":\"Comment emmailloter b\u00e9b\u00e9\"},{\"@type\":\"BreadcrumbList\",\"@id\":\"https:\/\/www.beebs.app\/blog\/quand-comment-et-pourquoi-emmailloter-bebe\/#breadcrumb\",\"itemListElement\":[{\"@type\":\"ListItem\",\"position\":1,\"name\":\"Accueil\",\"item\":\"https:\/\/www.beebs.app\/blog\/\"},{\"@type\":\"ListItem\",\"position\":2,\"name\":\"1er Mois\",\"item\":\"https:\/\/www.beebs.app\/blog\/1er-mois\/\"},{\"@type\":\"ListItem\",\"position\":3,\"name\":\"L\u2019emmaillotage, mode d\u2019emploi : Quand, comment et pourquoi emmailloter b\u00e9b\u00e9 ?\"}]},{\"@type\":\"WebSite\",\"@id\":\"https:\/\/www.beebs.app\/blog\/#website\",\"url\":\"https:\/\/www.beebs.app\/blog\/\",\"name\":\"Beebs\",\"description\":\"Sur Beebs, achetez et vendez les v\u00eatements, jouets, poussette, \u00e9quipements de b\u00e9b\u00e9 et de votre enfant, neufs ou d&#039;occasion, \u00e0 bas prix et de fa\u00e7on responsable.\",\"publisher\":{\"@id\":\"https:\/\/www.beebs.app\/blog\/#organization\"},\"potentialAction\":[{\"@type\":\"SearchAction\",\"target\":{\"@type\":\"EntryPoint\",\"urlTemplate\":\"https:\/\/www.beebs.app\/blog\/?s={search_term_string}\"},\"query-input\":{\"@type\":\"PropertyValueSpecification\",\"valueRequired\":true,\"valueName\":\"search_term_string\"}}],\"inLanguage\":\"fr-FR\"},{\"@type\":\"Organization\",\"@id\":\"https:\/\/www.beebs.app\/blog\/#organization\",\"name\":\"Beebs\",\"url\":\"https:\/\/www.beebs.app\/blog\/\",\"logo\":{\"@type\":\"ImageObject\",\"inLanguage\":\"fr-FR\",\"@id\":\"https:\/\/www.beebs.app\/blog\/#\/schema\/logo\/image\/\",\"url\":\"https:\/\/www.beebs.app\/blog\/wp-content\/uploads\/2023\/04\/Icon@HD.png\",\"contentUrl\":\"https:\/\/www.beebs.app\/blog\/wp-content\/uploads\/2023\/04\/Icon@HD.png\",\"width\":1580,\"height\":1580,\"caption\":\"Beebs\"},\"image\":{\"@id\":\"https:\/\/www.beebs.app\/blog\/#\/schema\/logo\/image\/\"}},{\"@type\":\"Person\",\"@id\":\"https:\/\/www.beebs.app\/blog\/#\/schema\/person\/cf1648b4c340d98a73acfa899a78a10c\",\"name\":\"Laur\u00e8ne M\u00e9rite\",\"image\":{\"@type\":\"ImageObject\",\"inLanguage\":\"fr-FR\",\"@id\":\"https:\/\/www.beebs.app\/blog\/#\/schema\/person\/image\/\",\"url\":\"https:\/\/secure.gravatar.com\/avatar\/050e5352b6a48163860fe1dd04dfa3073c995317d6194d1e7fc6429ad4fd9a14?s=96&d=mm&r=g\",\"contentUrl\":\"https:\/\/secure.gravatar.com\/avatar\/050e5352b6a48163860fe1dd04dfa3073c995317d6194d1e7fc6429ad4fd9a14?s=96&d=mm&r=g\",\"caption\":\"Laur\u00e8ne M\u00e9rite\"}}]}<\/script>\n<!-- \/ Yoast SEO plugin. -->","yoast_head_json":{"title":"L\u2019emmaillotage, mode d\u2019emploi : Quand, comment et pourquoi emmailloter b\u00e9b\u00e9 ? | Beebs","description":"Voici nos conseils pour savoir comment emmailloter b\u00e9b\u00e9. L'emmaillotage peut \u00eatre pratiqu\u00e9 jusqu'\u00e0 l'\u00e2ge de 2 mois.","robots":{"index":"index","follow":"follow","max-snippet":"max-snippet:-1","max-image-preview":"max-image-preview:large","max-video-preview":"max-video-preview:-1"},"canonical":"https:\/\/www.beebs.app\/blog\/quand-comment-et-pourquoi-emmailloter-bebe\/","og_locale":"fr_FR","og_type":"article","og_title":"L\u2019emmaillotage, mode d\u2019emploi : Quand, comment et pourquoi emmailloter b\u00e9b\u00e9 ? | Beebs","og_description":"Voici nos conseils pour savoir comment emmailloter b\u00e9b\u00e9. L'emmaillotage peut \u00eatre pratiqu\u00e9 jusqu'\u00e0 l'\u00e2ge de 2 mois.","og_url":"https:\/\/www.beebs.app\/blog\/quand-comment-et-pourquoi-emmailloter-bebe\/","og_site_name":"Beebs","article_published_time":"2020-10-07T13:00:00+00:00","article_modified_time":"2022-09-30T15:21:25+00:00","og_image":[{"width":1024,"height":645,"url":"https:\/\/www.beebs.app\/blog\/wp-content\/uploads\/2020\/10\/images-mise-en-avant4-1024x645.png","type":"image\/png"}],"author":"Laur\u00e8ne M\u00e9rite","twitter_card":"summary_large_image","twitter_misc":{"\u00c9crit par":"Laur\u00e8ne M\u00e9rite","Dur\u00e9e de lecture estim\u00e9e":"5 minutes"},"schema":{"@context":"https:\/\/schema.org","@graph":[{"@type":"Article","@id":"https:\/\/www.beebs.app\/blog\/quand-comment-et-pourquoi-emmailloter-bebe\/#article","isPartOf":{"@id":"https:\/\/www.beebs.app\/blog\/quand-comment-et-pourquoi-emmailloter-bebe\/"},"author":{"name":"Laur\u00e8ne M\u00e9rite","@id":"https:\/\/www.beebs.app\/blog\/#\/schema\/person\/cf1648b4c340d98a73acfa899a78a10c"},"headline":"L\u2019emmaillotage, mode d\u2019emploi : Quand, comment et pourquoi emmailloter b\u00e9b\u00e9 ?","datePublished":"2020-10-07T13:00:00+00:00","dateModified":"2022-09-30T15:21:25+00:00","mainEntityOfPage":{"@id":"https:\/\/www.beebs.app\/blog\/quand-comment-et-pourquoi-emmailloter-bebe\/"},"wordCount":1102,"commentCount":1,"publisher":{"@id":"https:\/\/www.beebs.app\/blog\/#organization"},"image":{"@id":"https:\/\/www.beebs.app\/blog\/quand-comment-et-pourquoi-emmailloter-bebe\/#primaryimage"},"thumbnailUrl":"https:\/\/www.beebs.app\/blog\/wp-content\/uploads\/2020\/10\/images-mise-en-avant4.png?wsr","articleSection":["1er Mois","2\u00e8me Mois"],"inLanguage":"fr-FR","potentialAction":[{"@type":"CommentAction","name":"Comment","target":["https:\/\/www.beebs.app\/blog\/quand-comment-et-pourquoi-emmailloter-bebe\/#respond"]}]},{"@type":"WebPage","@id":"https:\/\/www.beebs.app\/blog\/quand-comment-et-pourquoi-emmailloter-bebe\/","url":"https:\/\/www.beebs.app\/blog\/quand-comment-et-pourquoi-emmailloter-bebe\/","name":"L\u2019emmaillotage, mode d\u2019emploi : Quand, comment et pourquoi emmailloter b\u00e9b\u00e9 ? | Beebs","isPartOf":{"@id":"https:\/\/www.beebs.app\/blog\/#website"},"primaryImageOfPage":{"@id":"https:\/\/www.beebs.app\/blog\/quand-comment-et-pourquoi-emmailloter-bebe\/#primaryimage"},"image":{"@id":"https:\/\/www.beebs.app\/blog\/quand-comment-et-pourquoi-emmailloter-bebe\/#primaryimage"},"thumbnailUrl":"https:\/\/www.beebs.app\/blog\/wp-content\/uploads\/2020\/10\/images-mise-en-avant4.png?wsr","datePublished":"2020-10-07T13:00:00+00:00","dateModified":"2022-09-30T15:21:25+00:00","description":"Voici nos conseils pour savoir comment emmailloter b\u00e9b\u00e9. L'emmaillotage peut \u00eatre pratiqu\u00e9 jusqu'\u00e0 l'\u00e2ge de 2 mois.","breadcrumb":{"@id":"https:\/\/www.beebs.app\/blog\/quand-comment-et-pourquoi-emmailloter-bebe\/#breadcrumb"},"inLanguage":"fr-FR","potentialAction":[{"@type":"ReadAction","target":["https:\/\/www.beebs.app\/blog\/quand-comment-et-pourquoi-emmailloter-bebe\/"]}]},{"@type":"ImageObject","inLanguage":"fr-FR","@id":"https:\/\/www.beebs.app\/blog\/quand-comment-et-pourquoi-emmailloter-bebe\/#primaryimage","url":"https:\/\/www.beebs.app\/blog\/wp-content\/uploads\/2020\/10\/images-mise-en-avant4.png?wsr","contentUrl":"https:\/\/www.beebs.app\/blog\/wp-content\/uploads\/2020\/10\/images-mise-en-avant4.png?wsr","width":2700,"height":1700,"caption":"Comment emmailloter b\u00e9b\u00e9"},{"@type":"BreadcrumbList","@id":"https:\/\/www.beebs.app\/blog\/quand-comment-et-pourquoi-emmailloter-bebe\/#breadcrumb","itemListElement":[{"@type":"ListItem","position":1,"name":"Accueil","item":"https:\/\/www.beebs.app\/blog\/"},{"@type":"ListItem","position":2,"name":"1er Mois","item":"https:\/\/www.beebs.app\/blog\/1er-mois\/"},{"@type":"ListItem","position":3,"name":"L\u2019emmaillotage, mode d\u2019emploi : Quand, comment et pourquoi emmailloter b\u00e9b\u00e9 ?"}]},{"@type":"WebSite","@id":"https:\/\/www.beebs.app\/blog\/#website","url":"https:\/\/www.beebs.app\/blog\/","name":"Beebs","description":"Sur Beebs, achetez et vendez les v\u00eatements, jouets, poussette, \u00e9quipements de b\u00e9b\u00e9 et de votre enfant, neufs ou d&#039;occasion, \u00e0 bas prix et de fa\u00e7on responsable.","publisher":{"@id":"https:\/\/www.beebs.app\/blog\/#organization"},"potentialAction":[{"@type":"SearchAction","target":{"@type":"EntryPoint","urlTemplate":"https:\/\/www.beebs.app\/blog\/?s={search_term_string}"},"query-input":{"@type":"PropertyValueSpecification","valueRequired":true,"valueName":"search_term_string"}}],"inLanguage":"fr-FR"},{"@type":"Organization","@id":"https:\/\/www.beebs.app\/blog\/#organization","name":"Beebs","url":"https:\/\/www.beebs.app\/blog\/","logo":{"@type":"ImageObject","inLanguage":"fr-FR","@id":"https:\/\/www.beebs.app\/blog\/#\/schema\/logo\/image\/","url":"https:\/\/www.beebs.app\/blog\/wp-content\/uploads\/2023\/04\/Icon@HD.png","contentUrl":"https:\/\/www.beebs.app\/blog\/wp-content\/uploads\/2023\/04\/Icon@HD.png","width":1580,"height":1580,"caption":"Beebs"},"image":{"@id":"https:\/\/www.beebs.app\/blog\/#\/schema\/logo\/image\/"}},{"@type":"Person","@id":"https:\/\/www.beebs.app\/blog\/#\/schema\/person\/cf1648b4c340d98a73acfa899a78a10c","name":"Laur\u00e8ne M\u00e9rite","image":{"@type":"ImageObject","inLanguage":"fr-FR","@id":"https:\/\/www.beebs.app\/blog\/#\/schema\/person\/image\/","url":"https:\/\/secure.gravatar.com\/avatar\/050e5352b6a48163860fe1dd04dfa3073c995317d6194d1e7fc6429ad4fd9a14?s=96&d=mm&r=g","contentUrl":"https:\/\/secure.gravatar.com\/avatar\/050e5352b6a48163860fe1dd04dfa3073c995317d6194d1e7fc6429ad4fd9a14?s=96&d=mm&r=g","caption":"Laur\u00e8ne M\u00e9rite"}}]}},"jetpack_featured_media_url":"https:\/\/www.beebs.app\/blog\/wp-content\/uploads\/2020\/10\/images-mise-en-avant4.png?wsr","_links":{"self":[{"href":"https:\/\/www.beebs.app\/blog\/wp-json\/wp\/v2\/posts\/27597","targetHints":{"allow":["GET"]}}],"collection":[{"href":"https:\/\/www.beebs.app\/blog\/wp-json\/wp\/v2\/posts"}],"about":[{"href":"https:\/\/www.beebs.app\/blog\/wp-json\/wp\/v2\/types\/post"}],"author":[{"embeddable":true,"href":"https:\/\/www.beebs.app\/blog\/wp-json\/wp\/v2\/users\/30"}],"replies":[{"embeddable":true,"href":"https:\/\/www.beebs.app\/blog\/wp-json\/wp\/v2\/comments?post=27597"}],"version-history":[{"count":5,"href":"https:\/\/www.beebs.app\/blog\/wp-json\/wp\/v2\/posts\/27597\/revisions"}],"predecessor-version":[{"id":33336,"href":"https:\/\/www.beebs.app\/blog\/wp-json\/wp\/v2\/posts\/27597\/revisions\/33336"}],"wp:featuredmedia":[{"embeddable":true,"href":"https:\/\/www.beebs.app\/blog\/wp-json\/wp\/v2\/media\/27598"}],"wp:attachment":[{"href":"https:\/\/www.beebs.app\/blog\/wp-json\/wp\/v2\/media?parent=27597"}],"wp:term":[{"taxonomy":"category","embeddable":true,"href":"https:\/\/www.beebs.app\/blog\/wp-json\/wp\/v2\/categories?post=27597"},{"taxonomy":"post_tag","embeddable":true,"href":"https:\/\/www.beebs.app\/blog\/wp-json\/wp\/v2\/tags?post=27597"}],"curies":[{"name":"wp","href":"https:\/\/api.w.org\/{rel}","templated":true}]}}