{"id":25086,"date":"2019-08-15T12:56:40","date_gmt":"2019-08-15T11:56:40","guid":{"rendered":"https:\/\/www.weebaby.fr\/?p=25086"},"modified":"2022-09-30T16:05:25","modified_gmt":"2022-09-30T15:05:25","slug":"les-soins-du-cordon-ombilical-de-bebe","status":"publish","type":"post","link":"https:\/\/www.beebs.app\/blog\/les-soins-du-cordon-ombilical-de-bebe\/","title":{"rendered":"Les soins du nombril de b\u00e9b\u00e9"},"content":{"rendered":"\t\t<div data-elementor-type=\"wp-post\" data-elementor-id=\"25086\" class=\"elementor elementor-25086\" data-elementor-post-type=\"post\">\n\t\t\t\t\t\t<section class=\"elementor-section elementor-top-section elementor-element elementor-element-759677a1 elementor-section-boxed elementor-section-height-default elementor-section-height-default\" data-id=\"759677a1\" data-element_type=\"section\">\n\t\t\t\t\t\t<div class=\"elementor-container elementor-column-gap-default\">\n\t\t\t\t\t<div class=\"elementor-column elementor-col-100 elementor-top-column elementor-element elementor-element-4f977db8\" data-id=\"4f977db8\" data-element_type=\"column\">\n\t\t\t<div class=\"elementor-widget-wrap elementor-element-populated\">\n\t\t\t\t\t\t<div class=\"elementor-element elementor-element-8bef212 elementor-widget elementor-widget-global elementor-global-33258 elementor-widget-text-editor\" data-id=\"8bef212\" data-element_type=\"widget\" data-widget_type=\"text-editor.default\">\n\t\t\t\t<div class=\"elementor-widget-container\">\n\t\t\t\t\t\t\t\t\t<div class=\"meaculpa-section\">\n<div class=\"meaculpa-banner\">\n<p><img decoding=\"async\" src=\"https:\/\/www.beebs.app\/blog\/wp-content\/uploads\/2023\/01\/armoire-meaculpa-aqua.png\" alt=\"image placard pour ranger les conseils\" \/><\/p>\n<\/div>\n<div class=\"meaculpa-text\">\n<p><strong>A\u00efe a\u00efe a\u00efe mais qu\u2019est-ce qui nous a pris\u2026<\/strong> En faisant le bilan depuis nos d\u00e9buts, on a r\u00e9alis\u00e9 qu\u2019\u00e0 plein de moments, <strong>on bombardait les parents de conseils<\/strong> : faites ceci, ne faites SURTOUT PAS cela\u2026 <strong>OK, plein de monde le fait.<\/strong> Mais \u00e7a ne veut pas dire que c\u2019est une bonne id\u00e9e !<\/p>\n<p>Si vous en \u00eates d\u2019accord, appelons \u00e7a une erreur de jeunesse. Mieux vaut en rire qu\u2019en pleurer, non\u00a0?<\/p>\n<p><strong>On compte sur vous pour lire ce qui suit en prenant des pincettes.<\/strong> Vous \u00eates super.<\/p>\n<\/div>\n<\/div>\t\t\t\t\t\t\t\t<\/div>\n\t\t\t\t<\/div>\n\t\t\t\t<div class=\"elementor-element elementor-element-6c8a3814 elementor-widget elementor-widget-text-editor\" data-id=\"6c8a3814\" data-element_type=\"widget\" data-widget_type=\"text-editor.default\">\n\t\t\t\t<div class=\"elementor-widget-container\">\n\t\t\t\t\t\t\t\t\t<p><\/p>\n<h2 class=\"wp-block-heading\" id=\"quest-ce-que-le-cordon-ombilical--\">Qu\u2019est-ce que le cordon ombilical ?<\/h2>\n\n<p>Le cordon ombilical est un tube de texture g\u00e9latineuse et de couleur blanc-jaun\u00e2tre qui se forme d\u00e8s le d\u00e9but de la grossesse. <strong>Il sert \u00e0 alimenter b\u00e9b\u00e9 en oxyg\u00e8ne et en nutriments<\/strong> pendant toute la dur\u00e9e de gestation. Il mesure environ 2,5 cm de diam\u00e8tre et 50 \u00e0 60 cm de longueur, m\u00eame si parfois il peut parfois aller jusqu\u2019\u00e0 1m ! Cette tige souple renferme deux art\u00e8res qui \u00e9liminent les d\u00e9chets en transportant le sang du f\u0153tus vers le placenta. Elle contient \u00e9galement une veine qui fait le chemin inverse et apporte entre autres l\u2019oxyg\u00e8ne et les \u00e9l\u00e9ments nutritifs au f\u0153tus.<\/p>\n\n<h2 class=\"wp-block-heading\" id=\"la-section-du-cordon-ombilical-a-la-naissance\">La section du cordon ombilical \u00e0 la naissance<\/h2>\n\n<p><strong>\u00c0 la naissance, le cordon ombilical doit \u00eatre sectionn\u00e9<\/strong>. On a longtemps consid\u00e9r\u00e9 que cela devait \u00eatre effectu\u00e9 le plus rapidement possible, pour \u00e9viter que la maman ne perde une quantit\u00e9 de sang trop importante. Des \u00e9tudes r\u00e9centes montrent cependant qu\u2019au contraire, la section du cordon ombilical devrait \u00eatre r\u00e9alis\u00e9e le plus tard possible. <strong>D\u00e8s 1 minute d&rsquo;attente, on constate des effets positifs sur le b\u00e9b\u00e9<\/strong> : une prise de poids plus rapide, un taux d\u2019h\u00e9moglobine plus \u00e9lev\u00e9 et de meilleurs r\u00e9serves de fer \u00e0 6 mois de vie. Certaines sages-femmes arrivent m\u00eame \u00e0 attendre jusqu\u2019\u00e0 2h avant de couper le cordon ombilical ! En laissant le cordon ombilical le plus longtemps possible, vous pouvez profiter du premier contact en peau \u00e0 peau avec votre b\u00e9b\u00e9 allong\u00e9 sur votre poitrine.<\/p>\n\n<p>Quand le moment est venu, le cordon est coup\u00e9 \u00e0 quelques centim\u00e8tres du nombril. La sage-femme installe une pince, appel\u00e9e Clamp de Bahr ombilical, afin de pincer le cordon et stopper le flux de sang. Cette pince pourra \u00eatre retir\u00e9e 2 ou 3 jours plus tard, lorsque le cordon ombilical sera suffisamment ass\u00e9ch\u00e9.<\/p>\n\n<h2 class=\"wp-block-heading\" id=\"les-soins-du-cordon\">Les soins du cordon<\/h2>\n\n<p>Afin d\u2019\u00e9viter tout risque d\u2019infection, <strong>il est primordial de maintenir le nombril propre et sec<\/strong> durant les premi\u00e8res semaines de vie de votre nourrisson, et ce jusqu\u2019\u00e0 ce que le r\u00e9sidu de cordon ombilical tombe spontan\u00e9ment. Voici les \u00e9tapes de soin du cordon ombilical :<\/p>\n\n<p><strong>1. Lavez-vous toujours soigneusement les mains<\/strong> \u00e0 l\u2019eau et au savon avant d\u2019effectuer les soins.<\/p>\n<p><strong>2.Vous pouvez utiliser une compresse st\u00e9rile ou un coton-tige<\/strong>. Certains professionnels recommandent d\u2019utiliser de la Biseptine, d\u2019autres consid\u00e8rent que du s\u00e9rum physiologique est suffisant. Un lavage \u00e0 l\u2019eau claire est aussi possible, pour une m\u00e9thode plus douce et naturelle.<\/p>\n<p><strong>3.Nettoyez la base du cordon<\/strong>. Pour cela, soulevez la base du cordon. Faites glisser la compresse ou le coton-tige tout autour du cordon, en r\u00e9alisant un mouvement de virgule depuis la base pour d\u00e9gager les impuret\u00e9s vers l\u2019ext\u00e9rieur. Assurez-vous de nettoyer chaque pli.<\/p>\n<p><strong>4.S\u00e9chez soigneusement la base et le cordon<\/strong>. Vous pouvez \u00e9galement saupoudrer de l\u2019argile blanche sur la base du cordon ombilical. Cela favorisera l\u2019ass\u00e8chement du cordon, et il tombera plus rapidement.<\/p>\n<p><strong>5<\/strong>.Lorsque vous remettez la couche \u00e0 votre nourrisson, <strong>assurez-vous de replier le haut de la couche sur elle-m\u00eame au niveau du ventre<\/strong> et de la positionner sous le cordon de mani\u00e8re \u00e0 \u00e9viter tout frottement. Laissez le cordon \u00e0 l\u2019air libre dans le mesure du possible.<\/p>\n\n<p>La partie restante du cordon ombilical va progressivement s\u2019ass\u00e9cher et s\u2019assombrir pour prendre une couleur plus noir\u00e2tre. Le r\u00e9sidu tombera naturellement au bout de quelques semaines, g\u00e9n\u00e9ralement entre 2 et 4 semaines.<\/p>\n\n<p>Sachez que les soins du cordon prodigu\u00e9s \u00e0 votre nourrisson ne sont pas douloureux. Si vous craignez de blesser votre b\u00e9b\u00e9 en manipulant un cordon ombilical tr\u00e8s rigide, vous pouvez l\u2019humecter l\u00e9g\u00e8rement d\u2019eau afin de pouvoir le soulever plus facilement et nettoyer la base.<\/p>\n\n<h2 class=\"wp-block-heading\" id=\"les-complications-eventuelles-a-surveiller\">Les complications \u00e9ventuelles \u00e0 surveiller<\/h2>\n\n<p>Compos\u00e9 de vaisseaux sanguins, <strong>le cordon ombilical peut \u00eatre une porte d\u2019entr\u00e9e pour les bact\u00e9ries<\/strong> et certaines infections peuvent ainsi s\u2019y d\u00e9velopper. Les signaux qui doivent alerter les parents sont : &#8211; Un cordon rouge ou inflamm\u00e9 &#8211; Un \u00e9coulement de pus, de sang ou un suintement depuis la base du cordon &#8211; Un cordon tout mou &#8211; Un cordon malodorant &#8211; Un saignement apr\u00e8s la chute du cordon &#8211; Un cordon qui n\u2019est pas tomb\u00e9 apr\u00e8s un mois &#8211; Un nombril qui saigne apr\u00e8s la chute du cordon<\/p>\n\n<p>Que ces signes soient accompagn\u00e9s de fi\u00e8vre ou non, nous vous conseillons de contacter votre sage-femme, p\u00e9diatre ou m\u00e9decin g\u00e9n\u00e9raliste rapidement.<\/p>\n\n<p>Pour aider b\u00e9b\u00e9 \u00e0 rester en bonne sant\u00e9 pendant ses premi\u00e8res semaines de vie, consultez \u00e9galement nos guides <strong>\u00ab\u00a0Le strabisme chez b\u00e9b\u00e9 : ce qu&rsquo;il faut savoir\u00a0\u00bb<\/strong> et <strong>\u00ab\u00a0La t\u00eate plate : comment la pr\u00e9venir ?\u00a0\u00bb<\/strong>.<\/p>\n\t\t\t\t\t\t\t\t<\/div>\n\t\t\t\t<\/div>\n\t\t\t\t\t<\/div>\n\t\t<\/div>\n\t\t\t\t\t<\/div>\n\t\t<\/section>\n\t\t\t\t<section class=\"elementor-section elementor-top-section elementor-element elementor-element-882f7b6 elementor-section-boxed elementor-section-height-default elementor-section-height-default\" data-id=\"882f7b6\" data-element_type=\"section\">\n\t\t\t\t\t\t<div class=\"elementor-container elementor-column-gap-default\">\n\t\t\t\t\t<div class=\"elementor-column elementor-col-100 elementor-top-column elementor-element elementor-element-0616973\" data-id=\"0616973\" data-element_type=\"column\">\n\t\t\t<div class=\"elementor-widget-wrap elementor-element-populated\">\n\t\t\t\t\t\t<div class=\"elementor-element elementor-element-47616cd elementor-button-info elementor-align-center elementor-widget elementor-widget-button\" data-id=\"47616cd\" data-element_type=\"widget\" data-widget_type=\"button.default\">\n\t\t\t\t<div class=\"elementor-widget-container\">\n\t\t\t\t\t\t\t\t\t<div class=\"elementor-button-wrapper\">\n\t\t\t\t\t<a class=\"elementor-button elementor-button-link elementor-size-sm\" href=\"https:\/\/link.beebs.app\/telecharger_Beebs\" target=\"_blank\" id=\"DL\">\n\t\t\t\t\t\t<span class=\"elementor-button-content-wrapper\">\n\t\t\t\t\t\t<span class=\"elementor-button-icon\">\n\t\t\t\t<i aria-hidden=\"true\" class=\"fas fa-mobile-alt\"><\/i>\t\t\t<\/span>\n\t\t\t\t\t\t\t\t\t<span class=\"elementor-button-text\">T\u00e9l\u00e9charger l'appli<\/span>\n\t\t\t\t\t<\/span>\n\t\t\t\t\t<\/a>\n\t\t\t\t<\/div>\n\t\t\t\t\t\t\t\t<\/div>\n\t\t\t\t<\/div>\n\t\t\t\t\t<\/div>\n\t\t<\/div>\n\t\t\t\t\t<\/div>\n\t\t<\/section>\n\t\t\t\t<\/div>\n\t\t","protected":false},"excerpt":{"rendered":"<p>Pendant la grossesse, le cordon ombilical est un outil essentiel au d\u00e9veloppement et \u00e0 la croissance de b\u00e9b\u00e9, apportant oxyg\u00e8ne et nutriments au f\u0153tus in utero. \u00c0 la naissance, couper le cordon ombilical est un geste symbolique qui marque le premier pas vers l\u2019entr\u00e9e de votre enfant dans le monde ext\u00e9rieur. Une fois coup\u00e9, il est important de prendre soin du nombril en formation, en effectuant les bons gestes de soin au quotidien.<\/p>\n","protected":false},"author":1,"featured_media":25087,"comment_status":"open","ping_status":"open","sticky":false,"template":"","format":"standard","meta":{"footnotes":""},"categories":[20,183],"tags":[21],"class_list":["post-25086","post","type-post","status-publish","format-standard","has-post-thumbnail","hentry","category-1er-mois","category-tutoriels","tag-sante"],"yoast_head":"<!-- This site is optimized with the Yoast SEO plugin v23.9 - https:\/\/yoast.com\/wordpress\/plugins\/seo\/ -->\n<title>Les soins du nombril de b\u00e9b\u00e9 | Beebs<\/title>\n<meta name=\"description\" content=\"Apr\u00e8s la naissance, il est important de prendre soin du nombril en formation, en effectuant les bons gestes de soin du cordon ombilical au quotidien.\" \/>\n<meta name=\"robots\" content=\"index, follow, max-snippet:-1, max-image-preview:large, max-video-preview:-1\" \/>\n<link rel=\"canonical\" href=\"https:\/\/www.beebs.app\/blog\/les-soins-du-cordon-ombilical-de-bebe\/\" \/>\n<meta property=\"og:locale\" content=\"fr_FR\" \/>\n<meta property=\"og:type\" content=\"article\" \/>\n<meta property=\"og:title\" content=\"Les soins du nombril de b\u00e9b\u00e9 | Beebs\" \/>\n<meta property=\"og:description\" content=\"Apr\u00e8s la naissance, il est important de prendre soin du nombril en formation, en effectuant les bons gestes de soin du cordon ombilical au quotidien.\" \/>\n<meta property=\"og:url\" content=\"https:\/\/www.beebs.app\/blog\/les-soins-du-cordon-ombilical-de-bebe\/\" \/>\n<meta property=\"og:site_name\" content=\"Beebs\" \/>\n<meta property=\"article:published_time\" content=\"2019-08-15T11:56:40+00:00\" \/>\n<meta property=\"article:modified_time\" content=\"2022-09-30T15:05:25+00:00\" \/>\n<meta property=\"og:image\" content=\"https:\/\/www.beebs.app\/blog\/wp-content\/uploads\/2019\/08\/cordon-ombilical-1.jpg\" \/>\n\t<meta property=\"og:image:width\" content=\"1000\" \/>\n\t<meta property=\"og:image:height\" content=\"563\" \/>\n\t<meta property=\"og:image:type\" content=\"image\/jpeg\" \/>\n<meta name=\"author\" content=\"Beebs\" \/>\n<meta name=\"twitter:card\" content=\"summary_large_image\" \/>\n<meta name=\"twitter:creator\" content=\"@morgan@beebs.app\" \/>\n<meta name=\"twitter:label1\" content=\"\u00c9crit par\" \/>\n\t<meta name=\"twitter:data1\" content=\"Beebs\" \/>\n\t<meta name=\"twitter:label2\" content=\"Dur\u00e9e de lecture estim\u00e9e\" \/>\n\t<meta name=\"twitter:data2\" content=\"5 minutes\" \/>\n<script type=\"application\/ld+json\" class=\"yoast-schema-graph\">{\"@context\":\"https:\/\/schema.org\",\"@graph\":[{\"@type\":\"Article\",\"@id\":\"https:\/\/www.beebs.app\/blog\/les-soins-du-cordon-ombilical-de-bebe\/#article\",\"isPartOf\":{\"@id\":\"https:\/\/www.beebs.app\/blog\/les-soins-du-cordon-ombilical-de-bebe\/\"},\"author\":{\"name\":\"Beebs\",\"@id\":\"https:\/\/www.beebs.app\/blog\/#\/schema\/person\/2b2a12022013fb279c937ddf6c5881be\"},\"headline\":\"Les soins du nombril de b\u00e9b\u00e9\",\"datePublished\":\"2019-08-15T11:56:40+00:00\",\"dateModified\":\"2022-09-30T15:05:25+00:00\",\"mainEntityOfPage\":{\"@id\":\"https:\/\/www.beebs.app\/blog\/les-soins-du-cordon-ombilical-de-bebe\/\"},\"wordCount\":932,\"commentCount\":0,\"publisher\":{\"@id\":\"https:\/\/www.beebs.app\/blog\/#organization\"},\"image\":{\"@id\":\"https:\/\/www.beebs.app\/blog\/les-soins-du-cordon-ombilical-de-bebe\/#primaryimage\"},\"thumbnailUrl\":\"https:\/\/www.beebs.app\/blog\/wp-content\/uploads\/2019\/08\/cordon-ombilical-1.jpg?wsr\",\"keywords\":[\"Sant\u00e9 &amp; Soins\"],\"articleSection\":[\"1er Mois\",\"Tutoriels\"],\"inLanguage\":\"fr-FR\",\"potentialAction\":[{\"@type\":\"CommentAction\",\"name\":\"Comment\",\"target\":[\"https:\/\/www.beebs.app\/blog\/les-soins-du-cordon-ombilical-de-bebe\/#respond\"]}]},{\"@type\":\"WebPage\",\"@id\":\"https:\/\/www.beebs.app\/blog\/les-soins-du-cordon-ombilical-de-bebe\/\",\"url\":\"https:\/\/www.beebs.app\/blog\/les-soins-du-cordon-ombilical-de-bebe\/\",\"name\":\"Les soins du nombril de b\u00e9b\u00e9 | Beebs\",\"isPartOf\":{\"@id\":\"https:\/\/www.beebs.app\/blog\/#website\"},\"primaryImageOfPage\":{\"@id\":\"https:\/\/www.beebs.app\/blog\/les-soins-du-cordon-ombilical-de-bebe\/#primaryimage\"},\"image\":{\"@id\":\"https:\/\/www.beebs.app\/blog\/les-soins-du-cordon-ombilical-de-bebe\/#primaryimage\"},\"thumbnailUrl\":\"https:\/\/www.beebs.app\/blog\/wp-content\/uploads\/2019\/08\/cordon-ombilical-1.jpg?wsr\",\"datePublished\":\"2019-08-15T11:56:40+00:00\",\"dateModified\":\"2022-09-30T15:05:25+00:00\",\"description\":\"Apr\u00e8s la naissance, il est important de prendre soin du nombril en formation, en effectuant les bons gestes de soin du cordon ombilical au quotidien.\",\"breadcrumb\":{\"@id\":\"https:\/\/www.beebs.app\/blog\/les-soins-du-cordon-ombilical-de-bebe\/#breadcrumb\"},\"inLanguage\":\"fr-FR\",\"potentialAction\":[{\"@type\":\"ReadAction\",\"target\":[\"https:\/\/www.beebs.app\/blog\/les-soins-du-cordon-ombilical-de-bebe\/\"]}]},{\"@type\":\"ImageObject\",\"inLanguage\":\"fr-FR\",\"@id\":\"https:\/\/www.beebs.app\/blog\/les-soins-du-cordon-ombilical-de-bebe\/#primaryimage\",\"url\":\"https:\/\/www.beebs.app\/blog\/wp-content\/uploads\/2019\/08\/cordon-ombilical-1.jpg?wsr\",\"contentUrl\":\"https:\/\/www.beebs.app\/blog\/wp-content\/uploads\/2019\/08\/cordon-ombilical-1.jpg?wsr\",\"width\":1000,\"height\":563},{\"@type\":\"BreadcrumbList\",\"@id\":\"https:\/\/www.beebs.app\/blog\/les-soins-du-cordon-ombilical-de-bebe\/#breadcrumb\",\"itemListElement\":[{\"@type\":\"ListItem\",\"position\":1,\"name\":\"Accueil\",\"item\":\"https:\/\/www.beebs.app\/blog\/\"},{\"@type\":\"ListItem\",\"position\":2,\"name\":\"1er Mois\",\"item\":\"https:\/\/www.beebs.app\/blog\/1er-mois\/\"},{\"@type\":\"ListItem\",\"position\":3,\"name\":\"Les soins du nombril de b\u00e9b\u00e9\"}]},{\"@type\":\"WebSite\",\"@id\":\"https:\/\/www.beebs.app\/blog\/#website\",\"url\":\"https:\/\/www.beebs.app\/blog\/\",\"name\":\"Beebs\",\"description\":\"Sur Beebs, achetez et vendez les v\u00eatements, jouets, poussette, \u00e9quipements de b\u00e9b\u00e9 et de votre enfant, neufs ou d&#039;occasion, \u00e0 bas prix et de fa\u00e7on responsable.\",\"publisher\":{\"@id\":\"https:\/\/www.beebs.app\/blog\/#organization\"},\"potentialAction\":[{\"@type\":\"SearchAction\",\"target\":{\"@type\":\"EntryPoint\",\"urlTemplate\":\"https:\/\/www.beebs.app\/blog\/?s={search_term_string}\"},\"query-input\":{\"@type\":\"PropertyValueSpecification\",\"valueRequired\":true,\"valueName\":\"search_term_string\"}}],\"inLanguage\":\"fr-FR\"},{\"@type\":\"Organization\",\"@id\":\"https:\/\/www.beebs.app\/blog\/#organization\",\"name\":\"Beebs\",\"url\":\"https:\/\/www.beebs.app\/blog\/\",\"logo\":{\"@type\":\"ImageObject\",\"inLanguage\":\"fr-FR\",\"@id\":\"https:\/\/www.beebs.app\/blog\/#\/schema\/logo\/image\/\",\"url\":\"https:\/\/www.beebs.app\/blog\/wp-content\/uploads\/2023\/04\/Icon@HD.png\",\"contentUrl\":\"https:\/\/www.beebs.app\/blog\/wp-content\/uploads\/2023\/04\/Icon@HD.png\",\"width\":1580,\"height\":1580,\"caption\":\"Beebs\"},\"image\":{\"@id\":\"https:\/\/www.beebs.app\/blog\/#\/schema\/logo\/image\/\"}},{\"@type\":\"Person\",\"@id\":\"https:\/\/www.beebs.app\/blog\/#\/schema\/person\/2b2a12022013fb279c937ddf6c5881be\",\"name\":\"Beebs\",\"image\":{\"@type\":\"ImageObject\",\"inLanguage\":\"fr-FR\",\"@id\":\"https:\/\/www.beebs.app\/blog\/#\/schema\/person\/image\/\",\"url\":\"https:\/\/secure.gravatar.com\/avatar\/6266accdc916c246165b402eb2ee5aea175513aec4338b8995d5504e0c25239b?s=96&d=mm&r=g\",\"contentUrl\":\"https:\/\/secure.gravatar.com\/avatar\/6266accdc916c246165b402eb2ee5aea175513aec4338b8995d5504e0c25239b?s=96&d=mm&r=g\",\"caption\":\"Beebs\"},\"sameAs\":[\"https:\/\/x.com\/morgan@beebs.app\"]}]}<\/script>\n<!-- \/ Yoast SEO plugin. -->","yoast_head_json":{"title":"Les soins du nombril de b\u00e9b\u00e9 | Beebs","description":"Apr\u00e8s la naissance, il est important de prendre soin du nombril en formation, en effectuant les bons gestes de soin du cordon ombilical au quotidien.","robots":{"index":"index","follow":"follow","max-snippet":"max-snippet:-1","max-image-preview":"max-image-preview:large","max-video-preview":"max-video-preview:-1"},"canonical":"https:\/\/www.beebs.app\/blog\/les-soins-du-cordon-ombilical-de-bebe\/","og_locale":"fr_FR","og_type":"article","og_title":"Les soins du nombril de b\u00e9b\u00e9 | Beebs","og_description":"Apr\u00e8s la naissance, il est important de prendre soin du nombril en formation, en effectuant les bons gestes de soin du cordon ombilical au quotidien.","og_url":"https:\/\/www.beebs.app\/blog\/les-soins-du-cordon-ombilical-de-bebe\/","og_site_name":"Beebs","article_published_time":"2019-08-15T11:56:40+00:00","article_modified_time":"2022-09-30T15:05:25+00:00","og_image":[{"width":1000,"height":563,"url":"https:\/\/www.beebs.app\/blog\/wp-content\/uploads\/2019\/08\/cordon-ombilical-1.jpg","type":"image\/jpeg"}],"author":"Beebs","twitter_card":"summary_large_image","twitter_creator":"@morgan@beebs.app","twitter_misc":{"\u00c9crit par":"Beebs","Dur\u00e9e de lecture estim\u00e9e":"5 minutes"},"schema":{"@context":"https:\/\/schema.org","@graph":[{"@type":"Article","@id":"https:\/\/www.beebs.app\/blog\/les-soins-du-cordon-ombilical-de-bebe\/#article","isPartOf":{"@id":"https:\/\/www.beebs.app\/blog\/les-soins-du-cordon-ombilical-de-bebe\/"},"author":{"name":"Beebs","@id":"https:\/\/www.beebs.app\/blog\/#\/schema\/person\/2b2a12022013fb279c937ddf6c5881be"},"headline":"Les soins du nombril de b\u00e9b\u00e9","datePublished":"2019-08-15T11:56:40+00:00","dateModified":"2022-09-30T15:05:25+00:00","mainEntityOfPage":{"@id":"https:\/\/www.beebs.app\/blog\/les-soins-du-cordon-ombilical-de-bebe\/"},"wordCount":932,"commentCount":0,"publisher":{"@id":"https:\/\/www.beebs.app\/blog\/#organization"},"image":{"@id":"https:\/\/www.beebs.app\/blog\/les-soins-du-cordon-ombilical-de-bebe\/#primaryimage"},"thumbnailUrl":"https:\/\/www.beebs.app\/blog\/wp-content\/uploads\/2019\/08\/cordon-ombilical-1.jpg?wsr","keywords":["Sant\u00e9 &amp; Soins"],"articleSection":["1er Mois","Tutoriels"],"inLanguage":"fr-FR","potentialAction":[{"@type":"CommentAction","name":"Comment","target":["https:\/\/www.beebs.app\/blog\/les-soins-du-cordon-ombilical-de-bebe\/#respond"]}]},{"@type":"WebPage","@id":"https:\/\/www.beebs.app\/blog\/les-soins-du-cordon-ombilical-de-bebe\/","url":"https:\/\/www.beebs.app\/blog\/les-soins-du-cordon-ombilical-de-bebe\/","name":"Les soins du nombril de b\u00e9b\u00e9 | Beebs","isPartOf":{"@id":"https:\/\/www.beebs.app\/blog\/#website"},"primaryImageOfPage":{"@id":"https:\/\/www.beebs.app\/blog\/les-soins-du-cordon-ombilical-de-bebe\/#primaryimage"},"image":{"@id":"https:\/\/www.beebs.app\/blog\/les-soins-du-cordon-ombilical-de-bebe\/#primaryimage"},"thumbnailUrl":"https:\/\/www.beebs.app\/blog\/wp-content\/uploads\/2019\/08\/cordon-ombilical-1.jpg?wsr","datePublished":"2019-08-15T11:56:40+00:00","dateModified":"2022-09-30T15:05:25+00:00","description":"Apr\u00e8s la naissance, il est important de prendre soin du nombril en formation, en effectuant les bons gestes de soin du cordon ombilical au quotidien.","breadcrumb":{"@id":"https:\/\/www.beebs.app\/blog\/les-soins-du-cordon-ombilical-de-bebe\/#breadcrumb"},"inLanguage":"fr-FR","potentialAction":[{"@type":"ReadAction","target":["https:\/\/www.beebs.app\/blog\/les-soins-du-cordon-ombilical-de-bebe\/"]}]},{"@type":"ImageObject","inLanguage":"fr-FR","@id":"https:\/\/www.beebs.app\/blog\/les-soins-du-cordon-ombilical-de-bebe\/#primaryimage","url":"https:\/\/www.beebs.app\/blog\/wp-content\/uploads\/2019\/08\/cordon-ombilical-1.jpg?wsr","contentUrl":"https:\/\/www.beebs.app\/blog\/wp-content\/uploads\/2019\/08\/cordon-ombilical-1.jpg?wsr","width":1000,"height":563},{"@type":"BreadcrumbList","@id":"https:\/\/www.beebs.app\/blog\/les-soins-du-cordon-ombilical-de-bebe\/#breadcrumb","itemListElement":[{"@type":"ListItem","position":1,"name":"Accueil","item":"https:\/\/www.beebs.app\/blog\/"},{"@type":"ListItem","position":2,"name":"1er Mois","item":"https:\/\/www.beebs.app\/blog\/1er-mois\/"},{"@type":"ListItem","position":3,"name":"Les soins du nombril de b\u00e9b\u00e9"}]},{"@type":"WebSite","@id":"https:\/\/www.beebs.app\/blog\/#website","url":"https:\/\/www.beebs.app\/blog\/","name":"Beebs","description":"Sur Beebs, achetez et vendez les v\u00eatements, jouets, poussette, \u00e9quipements de b\u00e9b\u00e9 et de votre enfant, neufs ou d&#039;occasion, \u00e0 bas prix et de fa\u00e7on responsable.","publisher":{"@id":"https:\/\/www.beebs.app\/blog\/#organization"},"potentialAction":[{"@type":"SearchAction","target":{"@type":"EntryPoint","urlTemplate":"https:\/\/www.beebs.app\/blog\/?s={search_term_string}"},"query-input":{"@type":"PropertyValueSpecification","valueRequired":true,"valueName":"search_term_string"}}],"inLanguage":"fr-FR"},{"@type":"Organization","@id":"https:\/\/www.beebs.app\/blog\/#organization","name":"Beebs","url":"https:\/\/www.beebs.app\/blog\/","logo":{"@type":"ImageObject","inLanguage":"fr-FR","@id":"https:\/\/www.beebs.app\/blog\/#\/schema\/logo\/image\/","url":"https:\/\/www.beebs.app\/blog\/wp-content\/uploads\/2023\/04\/Icon@HD.png","contentUrl":"https:\/\/www.beebs.app\/blog\/wp-content\/uploads\/2023\/04\/Icon@HD.png","width":1580,"height":1580,"caption":"Beebs"},"image":{"@id":"https:\/\/www.beebs.app\/blog\/#\/schema\/logo\/image\/"}},{"@type":"Person","@id":"https:\/\/www.beebs.app\/blog\/#\/schema\/person\/2b2a12022013fb279c937ddf6c5881be","name":"Beebs","image":{"@type":"ImageObject","inLanguage":"fr-FR","@id":"https:\/\/www.beebs.app\/blog\/#\/schema\/person\/image\/","url":"https:\/\/secure.gravatar.com\/avatar\/6266accdc916c246165b402eb2ee5aea175513aec4338b8995d5504e0c25239b?s=96&d=mm&r=g","contentUrl":"https:\/\/secure.gravatar.com\/avatar\/6266accdc916c246165b402eb2ee5aea175513aec4338b8995d5504e0c25239b?s=96&d=mm&r=g","caption":"Beebs"},"sameAs":["https:\/\/x.com\/morgan@beebs.app"]}]}},"jetpack_featured_media_url":"https:\/\/www.beebs.app\/blog\/wp-content\/uploads\/2019\/08\/cordon-ombilical-1.jpg?wsr","_links":{"self":[{"href":"https:\/\/www.beebs.app\/blog\/wp-json\/wp\/v2\/posts\/25086","targetHints":{"allow":["GET"]}}],"collection":[{"href":"https:\/\/www.beebs.app\/blog\/wp-json\/wp\/v2\/posts"}],"about":[{"href":"https:\/\/www.beebs.app\/blog\/wp-json\/wp\/v2\/types\/post"}],"author":[{"embeddable":true,"href":"https:\/\/www.beebs.app\/blog\/wp-json\/wp\/v2\/users\/1"}],"replies":[{"embeddable":true,"href":"https:\/\/www.beebs.app\/blog\/wp-json\/wp\/v2\/comments?post=25086"}],"version-history":[{"count":6,"href":"https:\/\/www.beebs.app\/blog\/wp-json\/wp\/v2\/posts\/25086\/revisions"}],"predecessor-version":[{"id":33320,"href":"https:\/\/www.beebs.app\/blog\/wp-json\/wp\/v2\/posts\/25086\/revisions\/33320"}],"wp:featuredmedia":[{"embeddable":true,"href":"https:\/\/www.beebs.app\/blog\/wp-json\/wp\/v2\/media\/25087"}],"wp:attachment":[{"href":"https:\/\/www.beebs.app\/blog\/wp-json\/wp\/v2\/media?parent=25086"}],"wp:term":[{"taxonomy":"category","embeddable":true,"href":"https:\/\/www.beebs.app\/blog\/wp-json\/wp\/v2\/categories?post=25086"},{"taxonomy":"post_tag","embeddable":true,"href":"https:\/\/www.beebs.app\/blog\/wp-json\/wp\/v2\/tags?post=25086"}],"curies":[{"name":"wp","href":"https:\/\/api.w.org\/{rel}","templated":true}]}}